{"id":970,"date":"2021-07-19T22:01:09","date_gmt":"2021-07-19T22:01:09","guid":{"rendered":"https:\/\/www.umsvieh.at\/?p=970"},"modified":"2021-07-22T15:58:17","modified_gmt":"2021-07-22T15:58:17","slug":"graue-und-andere-woelfe","status":"publish","type":"post","link":"https:\/\/www.umsvieh.at\/?p=970","title":{"rendered":"Graue und andere W\u00f6lfe"},"content":{"rendered":"\n<p>\u00a0Einwanderung kann befruchten, kann verderben. Kommen Menschen zu uns, deren Einstellung \u00a0zum weiblichen Geschlecht, zu Tieren \u00a0der in unserem Kulturkreis gebr\u00e4uchlichen widerspricht, sind Probleme vorgezeichnet.<br>\u00a0Kommen Raubtiere in unsere friedlich gepr\u00e4gte Kulturlandschaft, flie\u00dft Blut. Graue W\u00f6lfe und andere Muslime sch\u00e4chten Schafe, tierische W\u00f6lfe zerfleischen \u00a0Schafe.\u00a0<br>Gerade hat unser Parlament ein auf den Islam \u00a0bezogenes Antiterrorgesetz beschlossen, haben W\u00f6lfe wieder einmal K\u00e4lber zerrissen, eine Kuh in den Tod getrieben. Schon 200 Schafe vielen Ihnen heuer zum Opfer. Unsere Landwirtschaftsministerin fordert den Abschuss von Problemw\u00f6lfen.\u00a0<br>Da ist ein Artikel, der vor acht Jahren, 2013, in der Zeitschrift f\u00fcr Tierrechte anima erschien, geradezu aktuell. Er lautet:<br>Die Wiedergabe des dem Propheten Mohammed zugeschriebenen Spruchs &#8222;Wer gut zu den Kreaturen Gottes ist, \u00a0ist gut zu sich selbst.&#8220; \u00a0auf der Titelseite der letzten Nummer stie\u00df in unserer Leserschaft vereinzelt auf Widerspruch. Wie k\u00f6nne eine Tierrechtszeitung eine Religion hervorheben, die besonders grausam gegen Tiere sei und in deren Namen schrecklicher Terror gegen Menschen ge\u00fcbt werde.\u00a0<br>Es gibt zugegeben viel Negatives in der Welt. Unser Bestreben ist es nicht nur zu klagen, wir bem\u00fchen uns Positives hervorzuheben. Wir haben aus alten B\u00fcchern Zitate gebracht, die der Vers\u00f6hnung von Mensch und Tier das Wort sprechen, mag man dort auch zeitgeistgebunden manch Grausliches finden, Philosophen, die die T\u00f6tung missgestalteter Neugeborener fordern, einen Gott, \u00a0der Moses die Vernichtung aller Bewohner Pal\u00e4stinas befiehlt; wir haben dem hl. Franziskus Ehre gezollt, wiewohl seine Kirche das Tier sagen wir niedrig gesch\u00e4tzt und der eine oder andere Papst noch im 19. Jahrhundert Tierschutzvereine verboten und vom guten Singvogelfang geschw\u00e4rmt hat; wir haben Wissenschaftler genannt, wenn auch in der s\u00e4kularen, religionsfernen Wissenschaft schreckliche Tierqu\u00e4lerei geschieht.\u00a0<\/p>\n\n\n\n<p>Den Islam aufs Sch\u00e4chten \u2013 einst tiersch\u00fctzerischer Fortschritt, heute R\u00fcckschritt \u2013 und von Medienberichten verf\u00fchrt auf Terrorismus zu reduzieren, w\u00e4re l\u00e4cherlich. Die Religion ist facettenreich, von tiefer Mystik bis zu Kreuzz\u00fcglern, wie ja auch das Christentum.&nbsp;<br>\u00dcbrigens, gegen\u00fcber dem westlichen Terror im nahen und mittleren Osten erscheint der islamistische im Westen minimal. Der (westliche) Glaube, man k\u00f6nne auf andere einpr\u00fcgeln, sie unterdr\u00fccken, vertreiben, t\u00f6ten, sie verh\u00f6hnen etc., ohne dass die sich zu Wehr setzen, scheint mir doch etwas wirklichkeitsfremd. Und die ziemlich einzige Waffe der Kleinen gegen die M\u00e4chtigen sind nun einmal \u2013 religionsunabh\u00e4ngig \u2013 terroristische Anschl\u00e4ge.&nbsp;<\/p>\n\n\n\n<p>Dass unsere Regierung Einwanderern die Aus\u00fcbung atavistischen hier als tierqu\u00e4lerisch betrachteten Brauchtums gestattet, f\u00f6rdert leider Fremdenfeindlichkeit (Anm. Siehe die Massensch\u00e4chtung von gro\u00dfteils aus Rum\u00e4nien importierter Schafe gerade jetzt im Juli 2021 in Bruderndorf  in Nieder\u00f6sterreich f\u00fcrs islamische Opferfest) und f\u00fchrt dar\u00fcber hinaus zu vermehrter Kritik an der europ\u00e4ischen Migrationshandhabung \u00fcberhaupt.\u00a0<\/p>\n\n\n\n<p>Einwanderung, ob von Mensch oder Tier \u2013 ich gehe hier auf Lesermeinungen ein \u2013 ist kaum je friktionslos.\u00a0Die EU-Politik, meinen manche, sei an Scheinheiligkeit, L\u00fcgenhaftigkeit und Unmenschlichkeit kaum zu \u00fcberbieten. Europa postuliert einen hehren unumst\u00f6\u00dflichen Grundsatz: Wir bieten allen politisch, rassisch, religi\u00f6s, sexuell etc. Verfolgten Asyl, allen. Wer das magische Wort ruft, darf erst mal bleiben vorl\u00e4ufig wenigstens.\u00a0<\/p>\n\n\n\n<p>Dass Menschen aus armen L\u00e4ndern in reiche streben, ist verst\u00e4ndlich. In der EU leben 500 Millionen relativ gut, in Afrika und Asien vier oder f\u00fcnf Milliarden mehr oder minder schlecht, vorzugsweise in L\u00e4ndern, die es mit Menschenrechten nicht so ernst nehmen. \u00a0Das macht viele Millionen m\u00f6gliche Asylwerber. Ganz konkret: \u00a0Unz\u00e4hlige Menschen, Frauen, Kinder, Greise, Kranke leben oder besser gesagt vegetieren in den zahlreichen afrikanischen und asiatischen Fl\u00fcchtlingslagern, bitterarm j\u00e4mmerlich. D\u00fcrfen die zu uns? Um Himmelswillen nein. Denn abseits aller sch\u00f6nen Sonntagsreden vom Asylrecht gilt faktisch folgende Regel: Nur wer sich Schlepper leisten kann und au\u00dferdem jung und kr\u00e4ftig genug ist, um \u00a0Strapazen zu ertragen, darf Europa nahe kommen.<\/p>\n\n\n\n<p>Weil das immer noch zu viele sein k\u00f6nnten, baut die EU dort, wo Europa nach Afrika reicht, eine sechs Meter hohe Sperre mit viel Stacheldraht und, sicher ist sicher, messerscharfen Eisenklingen. Wer die heil \u00fcberwindet oder bei der Fahrt \u00fcbers Mittelmehr nicht ertrinkt und in Kastenwagen nicht erstickt, darf dann Asyl rufen und wird aufgenommen, \u00a0vorl\u00e4ufig. Wir sind n\u00e4mlich human. Arbeiten darf er hier nat\u00fcrlich nicht, au\u00dfer vielleicht als Prostituierte oder unterbezahlter \u00a0Erntehelfer. Muss unter dem Damoklesschwert \u00a0der Repatriierung \u00a0leben und wird nach einigen Jahren wenn er sich etwas eingelebt hat m\u00f6glicherweise tats\u00e4chlich wieder in sein Heimatland transportiert. Klingt alles in allem ein bisschen nach der b\u00f6sen Fee, die die zu Dornr\u00f6schen strebenden J\u00fcnglinge in der Dornenhecke riesengro\u00df verrecken l\u00e4sst. Unsere (dam.) Frau Innenministerin allerdings findet das System gut und so wird es wohl gut sein.\u00a0(\u00dcbrigens, selbst in \u00d6sterreich gibt es politische Verfolgung; Opfer sind z.B. Leute, die eine Pelz-Informationskampagne ank\u00fcndigen).<\/p>\n\n\n\n<p>T<strong>ierische Immigranten<\/strong><\/p>\n\n\n\n<p>\u00c4hnlich planlos wie bei Menschen verhalten sich nationale und internationale Obrigkeiten bei tierischen Immigranten. Einige werden hart bek\u00e4mpft, andere wieder, die privilegierten Rassen angeh\u00f6ren, l\u00e4sst man ins Land, ohne Grenzen zu ziehen und ohne im Geringsten f\u00fcr den Schutz der friedlichen tierischen (?) alteingesessenen Bewohner des Landes zu sorgen. Auch da sind Konflikte vorprogrammiert. In der \u00f6ffentlichen Debatte (und auch was die Opfer betrifft) geht es dabei vor allem um B\u00e4ren und W\u00f6lfe. Die erfreuen sich bekanntlich in gro\u00dfen Teilen der st\u00e4dtischen Bev\u00f6lkerung, die kaum Gefahr l\u00e4uft, materiellen oder gar personellen Schaden zu erleiden, gro\u00dfer Beliebtheit. \u00a0Anders h\u00e4ufig bei der unmittelbar betroffenen Landbev\u00f6lkerung.\u00a0<\/p>\n\n\n\n<p>Warum will man nicht f\u00fcr Konfliktentsch\u00e4rfung sorgen?&nbsp;<\/p>\n\n\n\n<p>Menschliche Einwanderer aus anderen Kulturkreisen pflegen sich im allgemeinen allen entgegengesetzten Bem\u00fchungen zum trotz in bestimmten Stadtbezirken zu sammeln. Die Einheimischen fliegen aus dem zu Ausl\u00e4nderbezirken gewordenen Stadtteil, wenn sie es sich finanziell leisten k\u00f6nnen. Die Armen sind arm dran. Warum da nicht f\u00fcr die Tiere eine Anleihe nehmen?\u00a0<\/p>\n\n\n\n<p>\u00a0St\u00e4dter m\u00f6gen W\u00f6lfe im Land \u2013 warum auch immer \u2013 \u00a0doch nicht in Ihrer N\u00e4he, im Wiener Prater oder\u00a0im Grazer Stadtpark, Gott beh\u00fcte, sondern weit weg, in der Einschicht. \u00a0Warum dort nicht Reservate f\u00fcr die tierischen Immigranten schaffen? \u00a0<\/p>\n\n\n\n<p>Wenn es uns wirklich ernst ist um die Natur, wie sie einmal war, mit B\u00e4ren, W\u00f6lfen, Wisenten usw., warum dann nicht N\u00e4gel mit K\u00f6pfen machen, echte Naturschutzgebiete. Die Vorschl\u00e4ge sind nicht neu.<\/p>\n\n\n\n<p>Da gibt es z.B. den Truppen\u00fcbungsplatz D\u00f6llersheim-Allentsteig. Adolf Hitler hatte dort die Menschen ausgesiedelt, weil er eine Trainingsst\u00e4tte f\u00fcr seine Angriffskriege brauchte. Unsere Regierung folgte, als sie das Land 1955 von den Sowjets zur\u00fcckbekam, Hitler und hielt die Bewohner weiter ausgesperrt. Heute sind die einstigen Siedler gestorben, das Bundesheer ist fraglich geworden, Angriffskriege f\u00fchren wir nicht, warum an einer miesen Errungenschaft Adolf Hitlers festhalten? Vieles wird restituiert. Warum nicht das Gel\u00e4nde restituieren, wenn schon keine Menschen mehr dort sind, an die Natur?<\/p>\n\n\n\n<p>Oder: Aus der Sicht etwa des Jahres 1960 sind wir heute sehr sehr reich. Da k\u00f6nnten wir uns eigentlich sogar ein gr\u00f6\u00dferes St\u00fcck reine Natur leisten als die 160 km2 Truppen\u00fcbungsplatz, z.B. 800 km2, ein Prozent der Landesfl\u00e4che im kaum besiedelten Salzatal mit den angrenzenden H\u00f6hen im steirisch\/nieder\u00f6sterreichischen Grenzgebiet. Warum nicht dort ein echtes Naturschutzgebiet schaffen ohne menschlichen Eingriff, mit W\u00f6lfen und sonstigem Getier aus alter Zeit? Statt die W\u00f6lfe in unsere Kulturlandschaft zu setzen?\u00a0<br>Allerdings, wird die Liebe der \u00d6sterreicher zur Natur so gro\u00df sein, dass sie auch Entsch\u00e4digungszahlungen in Kauf nehmen? \u00a0 \u00a0<\/p>\n\n\n\n<p>E,L. November 2013\u00a0<\/p>\n\n\n\n<p><br>&nbsp;13<\/p>\n","protected":false},"excerpt":{"rendered":"<p>\u00a0Einwanderung kann befruchten, kann verderben. Kommen Menschen zu uns, deren Einstellung \u00a0zum weiblichen Geschlecht, zu Tieren \u00a0der in unserem Kulturkreis gebr\u00e4uchlichen widerspricht, sind Probleme vorgezeichnet.\u00a0Kommen Raubtiere in unsere friedlich gepr\u00e4gte Kulturlandschaft, flie\u00dft Blut. Graue W\u00f6lfe und andere Muslime sch\u00e4chten Schafe, tierische W\u00f6lfe zerfleischen \u00a0Schafe.\u00a0Gerade hat unser Parlament ein auf den Islam \u00a0bezogenes Antiterrorgesetz beschlossen, haben [&hellip;]<\/p>\n","protected":false},"author":1,"featured_media":404,"comment_status":"closed","ping_status":"closed","sticky":false,"template":"","format":"standard","meta":{"footnotes":""},"categories":[2],"tags":[279,280,281,128,185],"class_list":["post-970","post","type-post","status-publish","format-standard","has-post-thumbnail","hentry","category-allgemein","tag-einwanderung","tag-islam","tag-naturschutzgebiet","tag-schaechten","tag-woelfe"],"jetpack_featured_media_url":"https:\/\/www.umsvieh.at\/wp-content\/uploads\/2019\/04\/large-male-grey-wolf-in-autumn-colored-field-in-PXW5B27.jpg","_links":{"self":[{"href":"https:\/\/www.umsvieh.at\/index.php?rest_route=\/wp\/v2\/posts\/970","targetHints":{"allow":["GET"]}}],"collection":[{"href":"https:\/\/www.umsvieh.at\/index.php?rest_route=\/wp\/v2\/posts"}],"about":[{"href":"https:\/\/www.umsvieh.at\/index.php?rest_route=\/wp\/v2\/types\/post"}],"author":[{"embeddable":true,"href":"https:\/\/www.umsvieh.at\/index.php?rest_route=\/wp\/v2\/users\/1"}],"replies":[{"embeddable":true,"href":"https:\/\/www.umsvieh.at\/index.php?rest_route=%2Fwp%2Fv2%2Fcomments&post=970"}],"version-history":[{"count":4,"href":"https:\/\/www.umsvieh.at\/index.php?rest_route=\/wp\/v2\/posts\/970\/revisions"}],"predecessor-version":[{"id":975,"href":"https:\/\/www.umsvieh.at\/index.php?rest_route=\/wp\/v2\/posts\/970\/revisions\/975"}],"wp:featuredmedia":[{"embeddable":true,"href":"https:\/\/www.umsvieh.at\/index.php?rest_route=\/wp\/v2\/media\/404"}],"wp:attachment":[{"href":"https:\/\/www.umsvieh.at\/index.php?rest_route=%2Fwp%2Fv2%2Fmedia&parent=970"}],"wp:term":[{"taxonomy":"category","embeddable":true,"href":"https:\/\/www.umsvieh.at\/index.php?rest_route=%2Fwp%2Fv2%2Fcategories&post=970"},{"taxonomy":"post_tag","embeddable":true,"href":"https:\/\/www.umsvieh.at\/index.php?rest_route=%2Fwp%2Fv2%2Ftags&post=970"}],"curies":[{"name":"wp","href":"https:\/\/api.w.org\/{rel}","templated":true}]}}