{"id":749,"date":"2020-09-11T09:59:39","date_gmt":"2020-09-11T09:59:39","guid":{"rendered":"https:\/\/www.umsvieh.at\/?p=749"},"modified":"2020-09-14T08:56:23","modified_gmt":"2020-09-14T08:56:23","slug":"einsperren","status":"publish","type":"post","link":"https:\/\/www.umsvieh.at\/?p=749","title":{"rendered":"Einsperren"},"content":{"rendered":"\n<p>Aus einem Wiener Betrieb wurde erz\u00e4hlt: Ein Angestellter bekam k\u00fcrzlich  Fieber. Er wurde rasch getestet: Corona positiv. \u00a0Der Magistrat reagierte prompt. Test an allen in der Stadt beheimateten Mitarbeitern. \u00a0Noch ein zweiter, ein Sechzigj\u00e4hriger ohne Symptome erwies sich \u00a0als positiv. Nicht \u00a0beamtshandelt wurden zwei in Nieder\u00f6sterreich \u00a0Ans\u00e4ssige. Da sei die Bezirkshauptmannschaft zust\u00e4ndig.<br>Einer \u00a0der beiden lie\u00df sich gleich \u00a0privat testen: negativ. F\u00fcnf oder sieben Tage \u00a0sp\u00e4ter \u00a0 am Telefon die BH: \u00a0 zwei Wochen Quarant\u00e4ne. Warum \u00a0der Anruf \u00a0so sp\u00e4t? Man h\u00e4tte ihn \u00a0daheim nicht fr\u00fcher erreicht. No na, wenn er in Wien arbeitet. Absonderung nicht mehr notwendig, meinte der Betroffene, ich bin negativ getestet. Die BH-Bedienstete \u00a0bestand auf \u00a0zwei Wochen. Mit welcher Begr\u00fcndung, nach welcher Verordnung? Das konnte sie nicht sagen und verband \u00a0den Hartn\u00e4ckigen mi t ihrem juristischen Vorgesetzten. Der: Es gebe eine Flut von Verordnungen, das sei schon alles sehr un\u00fcbersichtlich. Die BH agiere nach einem Erlass der Oberbeh\u00f6rde. Der wie gesagt Hartn\u00e4ckige wollte eine Kopie des Erlasses. \u00a0Das ginge nicht. Ja, warum nicht? Der Erlass sei geheim. Geheimb\u00fcrokratie gegen\u00fcber den Untertanen, wie zu Kaisers Zeiten? \u00a0Nach einigem Palaver \u00a0begn\u00fcgte sich die Beh\u00f6rde mit dem Testergebnis. \u00a0<br>Dem zweiten Nieder\u00f6sterreicher ging es bei der Nachbar-BH nicht so gut; keine Untersuchung, zwei Wochen Hausarrest.\u00a0<br>Ein Test kostet 120 oder 150 \u20ac, zwei Wochen Arbeitsentfall dem Unternehmen oder wem immer 1.000 \u20ac oder auch viel mehr. Testverzicht h\u00e4lt zwar die Ampel gr\u00fcn, doch er grenzt \u00a0da wirtschaftlich gesehen \u00a0eher an Schwachsinn .<br>\u00a0Ich wei\u00df nicht, ob sich alles so zugetragen hat, wie hier \u00a0erz\u00e4hlt. Doch \u00fcber die Zur\u00fcckhaltung der einen oder andren staatlichen Institution, ob Krankenhaus oder sonst was, beim Testen \u00a0stand schon viel in den Zeitungen.<br>Quarant\u00e4ne klingt so harmlos. \u00a0Wenn ich ein Einfamilienhaus und einen gro\u00dfen Garten habe und daheim arbeiten kann, gut. Doch zwei Wochen eingesperrt in eine Kleinwohnung mitten in der Stadt? \u00a0F\u00e4llt mir die Decke auf den Kopf und \u00a0ich schnappe wenn niemand in der N\u00e4he \u00a0kurz drau\u00dfen Luft, \u00a0dann l\u00e4sst die Regierung den Staatsanwalt los. \u00a0Manche meinen, \u00a0zwei Wochen einsperren, obwohl ein Test m\u00f6glich ist, w\u00e4re brutal und unmenschlich von einer Regierung.<br>Ein Gedankensprung: \u00a0Ein St\u00fcck Fleisch \u00a0auf unserem Teller, gekauft im Supermarkt, serviert im Gasthaus. Fleisch aus konventioneller Haltung. Ein St\u00fcckchen \u00a0Tier. Was f\u00fcr ein Leben hatte das zuvor? \u00a0Denken wir gelegentlich daran? Beine zum Laufen, Tierjugend voller Bewegungsdrang eingekerkert auf engstem Raum, nicht nur zwei Wochen, lebenslang. Schweine auf hartem Betonspaltenboden \u00a0im giftigen Gestank ihrer Exkremente \u00a0&#8230; ?<br>Wie es den \u00a0Schlachtieren geht, entscheiden wir Konsumenten, nicht die Regierung. Ein bisschen ist schon getan, wenn wir statt konventionelle Ware \u00a0Bio kaufen. Wenn Sie etwas mehr \u00a0tun wollen, hier eine kleine \u00a0Info:.\u00a0<a href=\"https:\/\/www.umsvieh.at\/?p=562\">https:\/\/www.umsvieh.at\/?p=562<\/a><br>E.L.<br>\u00a0ums\u00a0<a href=\"http:\/\/vieh.at\/\">vieh.at<\/a>\u00a0, 11.9.2020<\/p>\n","protected":false},"excerpt":{"rendered":"<p>Aus einem Wiener Betrieb wurde erz\u00e4hlt: Ein Angestellter bekam k\u00fcrzlich Fieber. Er wurde rasch getestet: Corona positiv. \u00a0Der Magistrat reagierte prompt. Test an allen in der Stadt beheimateten Mitarbeitern. \u00a0Noch ein zweiter, ein Sechzigj\u00e4hriger ohne Symptome erwies sich \u00a0als positiv. Nicht \u00a0beamtshandelt wurden zwei in Nieder\u00f6sterreich \u00a0Ans\u00e4ssige. Da sei die Bezirkshauptmannschaft zust\u00e4ndig.Einer \u00a0der beiden lie\u00df [&hellip;]<\/p>\n","protected":false},"author":1,"featured_media":754,"comment_status":"closed","ping_status":"closed","sticky":false,"template":"","format":"standard","meta":{"footnotes":""},"categories":[2,3],"tags":[237,102,240,239],"class_list":["post-749","post","type-post","status-publish","format-standard","has-post-thumbnail","hentry","category-allgemein","category-konsumententipps","tag-covid-19","tag-menschenrechte","tag-quarantaene","tag-tierrechte"],"jetpack_featured_media_url":"https:\/\/www.umsvieh.at\/wp-content\/uploads\/2020\/09\/20200914_102955c.jpg","_links":{"self":[{"href":"https:\/\/www.umsvieh.at\/index.php?rest_route=\/wp\/v2\/posts\/749","targetHints":{"allow":["GET"]}}],"collection":[{"href":"https:\/\/www.umsvieh.at\/index.php?rest_route=\/wp\/v2\/posts"}],"about":[{"href":"https:\/\/www.umsvieh.at\/index.php?rest_route=\/wp\/v2\/types\/post"}],"author":[{"embeddable":true,"href":"https:\/\/www.umsvieh.at\/index.php?rest_route=\/wp\/v2\/users\/1"}],"replies":[{"embeddable":true,"href":"https:\/\/www.umsvieh.at\/index.php?rest_route=%2Fwp%2Fv2%2Fcomments&post=749"}],"version-history":[{"count":3,"href":"https:\/\/www.umsvieh.at\/index.php?rest_route=\/wp\/v2\/posts\/749\/revisions"}],"predecessor-version":[{"id":753,"href":"https:\/\/www.umsvieh.at\/index.php?rest_route=\/wp\/v2\/posts\/749\/revisions\/753"}],"wp:featuredmedia":[{"embeddable":true,"href":"https:\/\/www.umsvieh.at\/index.php?rest_route=\/wp\/v2\/media\/754"}],"wp:attachment":[{"href":"https:\/\/www.umsvieh.at\/index.php?rest_route=%2Fwp%2Fv2%2Fmedia&parent=749"}],"wp:term":[{"taxonomy":"category","embeddable":true,"href":"https:\/\/www.umsvieh.at\/index.php?rest_route=%2Fwp%2Fv2%2Fcategories&post=749"},{"taxonomy":"post_tag","embeddable":true,"href":"https:\/\/www.umsvieh.at\/index.php?rest_route=%2Fwp%2Fv2%2Ftags&post=749"}],"curies":[{"name":"wp","href":"https:\/\/api.w.org\/{rel}","templated":true}]}}