{"id":544,"date":"2019-09-27T22:31:50","date_gmt":"2019-09-27T22:31:50","guid":{"rendered":"https:\/\/www.umsvieh.at\/?p=544"},"modified":"2019-10-09T08:10:07","modified_gmt":"2019-10-09T08:10:07","slug":"kein-herz-fuer-schweine","status":"publish","type":"post","link":"https:\/\/www.umsvieh.at\/?p=544","title":{"rendered":"Nationalrat: Kein Herz f\u00fcr Schweine"},"content":{"rendered":"\n<p><\/p>\n\n\n\n<p><\/p>\n\n\n\n<hr class=\"wp-block-separator\"\/>\n\n\n\n<p><\/p>\n\n\n\n<p><\/p>\n\n\n\n<p>Die bet\u00e4ubungslose Kastration von Ferkeln und das Leben von Schweinen auf Vollspaltenboden statt auf Stroh sind zwei der gro\u00dfen Tierschutzprobleme in der Schweinezucht. die Liste Jetzt-Pilz haz im Sommer Antr\u00e4ge im Nationalrat gestellt , diese Tierqu\u00e4lerei zu beenden  (Verbot von Vollspaltenb\u00f6den mit zehnj\u00e4hriger \u00dcbergngsfrist). \u00dcber 60 % der Mastschweine werden auf Vollspaltenboden ohne Stroh gehalten. Dass die \u00d6VP, diese Antr\u00e4ge ablehnt, war zu erwarten.  Dass aber auch die FP\u00d6<br> die Antr\u00e4ge nicht unterst\u00fctzt, erstaunt. Hatte sie doch schon vor Jahren selbst f\u00fcr daqs Verbot pl\u00e4diert. Nur SPO und Neos unterst\u00fctzten die Listtre Jetzt-Pilz, leider nur die Minderheit.<\/p>\n\n\n\n<p>N\u00e4heres hiezu in einer VgT-Aussendung vom 20.9.2019:  Das sind drei brennende Probleme im Tierschutz, die schon seit Jahrzehnten diskutiert werden, aber bisher noch keiner L\u00f6sung n\u00e4her kamen: das Vergasen und Schreddern von Eintagsk\u00fccken der Legerassen, die bet\u00e4ubungslose Kastration von Ferkeln und das Leben von Schweinen auf Vollspaltenboden statt auf Stroh. Mit der \u00d6VP in einer Regierungskoalition ist im Nutztierschutz nicht viel zu machen, weshalb die gesamte Tierschutzbewegung hoch erfreut war, als Daniela Holzinger von der Liste JETZT in der Zeit zwischen Regierungsende und Neuwahl Initiativantr\u00e4ge zu allen drei Punkten einbrachte. Diese k\u00f6nnen aber nur abgestimmt werden, wenn zuerst ein Fristsetzungsantrag durchgeht, der die Frist f\u00fcr die Abstimmung auf die Zeit bis zur Wahl setzt. Ein entsprechender Fristsetzungsantrag war sowohl im Juni als auch im Juli von der FP\u00d6 abgelehnt worden. Gestern nutzte die Liste JETZT den allerletzten Moment, um den Fristsetzungsantrag noch ein drittes Mal einzubringen. Sp\u00e4t in der Nacht wurde er jedoch wieder mit den Stimmen der FP\u00d6 und der \u00d6VP abgeschmettert. Die SP\u00d6 und die NEOS haben zugestimmt.<\/p>\n\n\n\n<p>Gestern konfrontierte ein Tiersch\u00fctzer erneut den FP\u00d6-Chef Norbert Hofer in der Frage des Verbots der Vollspaltenb\u00f6den f\u00fcr Schweine am Oktoberfest im Prater. Dieser meinte, die FP\u00d6 brauche noch mehr Zeit. Seltsam, weil dieselbe FP\u00d6 bereits 1994 ein Verbot der Vollspaltenb\u00f6den beantragt hat. Und derselbe Norbert Hofer noch 2006 explizit ein solches Verbot gefordert hat. Und 25 bzw. 13 Jahre danach brauche man noch mehr Zeit? Wieviel Jahrzehnte m\u00fcssen die Schweine in \u00d6sterreich weiter ohne Stroh leben, obwohl 96 % der Menschen hierzulande wollen, dass sie auf Stroh liegen k\u00f6nnen!<\/p>\n\n\n\n<p><\/p>\n","protected":false},"excerpt":{"rendered":"<p>Die bet\u00e4ubungslose Kastration von Ferkeln und das Leben von Schweinen auf Vollspaltenboden statt auf Stroh sind zwei der gro\u00dfen Tierschutzprobleme in der Schweinezucht. die Liste Jetzt-Pilz haz im Sommer Antr\u00e4ge im Nationalrat gestellt , diese Tierqu\u00e4lerei zu beenden (Verbot von Vollspaltenb\u00f6den mit zehnj\u00e4hriger \u00dcbergngsfrist). \u00dcber 60 % der Mastschweine werden auf Vollspaltenboden ohne Stroh gehalten. [&hellip;]<\/p>\n","protected":false},"author":1,"featured_media":552,"comment_status":"open","ping_status":"closed","sticky":false,"template":"","format":"standard","meta":{"footnotes":""},"categories":[2,6],"tags":[205,197,204,203],"class_list":["post-544","post","type-post","status-publish","format-standard","has-post-thumbnail","hentry","category-allgemein","category-fleisch","tag-liste-jezt","tag-liste-pilz","tag-nationalrat","tag-schweinehaltung"],"jetpack_featured_media_url":"https:\/\/www.umsvieh.at\/wp-content\/uploads\/2019\/09\/ferkel.jpg","_links":{"self":[{"href":"https:\/\/www.umsvieh.at\/index.php?rest_route=\/wp\/v2\/posts\/544","targetHints":{"allow":["GET"]}}],"collection":[{"href":"https:\/\/www.umsvieh.at\/index.php?rest_route=\/wp\/v2\/posts"}],"about":[{"href":"https:\/\/www.umsvieh.at\/index.php?rest_route=\/wp\/v2\/types\/post"}],"author":[{"embeddable":true,"href":"https:\/\/www.umsvieh.at\/index.php?rest_route=\/wp\/v2\/users\/1"}],"replies":[{"embeddable":true,"href":"https:\/\/www.umsvieh.at\/index.php?rest_route=%2Fwp%2Fv2%2Fcomments&post=544"}],"version-history":[{"count":3,"href":"https:\/\/www.umsvieh.at\/index.php?rest_route=\/wp\/v2\/posts\/544\/revisions"}],"predecessor-version":[{"id":553,"href":"https:\/\/www.umsvieh.at\/index.php?rest_route=\/wp\/v2\/posts\/544\/revisions\/553"}],"wp:featuredmedia":[{"embeddable":true,"href":"https:\/\/www.umsvieh.at\/index.php?rest_route=\/wp\/v2\/media\/552"}],"wp:attachment":[{"href":"https:\/\/www.umsvieh.at\/index.php?rest_route=%2Fwp%2Fv2%2Fmedia&parent=544"}],"wp:term":[{"taxonomy":"category","embeddable":true,"href":"https:\/\/www.umsvieh.at\/index.php?rest_route=%2Fwp%2Fv2%2Fcategories&post=544"},{"taxonomy":"post_tag","embeddable":true,"href":"https:\/\/www.umsvieh.at\/index.php?rest_route=%2Fwp%2Fv2%2Ftags&post=544"}],"curies":[{"name":"wp","href":"https:\/\/api.w.org\/{rel}","templated":true}]}}