{"id":311,"date":"2019-01-20T01:01:40","date_gmt":"2019-01-19T23:01:40","guid":{"rendered":"http:\/\/www.umsvieh.at\/?p=311"},"modified":"2019-01-20T01:01:40","modified_gmt":"2019-01-19T23:01:40","slug":"12-steirische-schweinebauern-wegen-luftverunreinigung-vor-gericht","status":"publish","type":"post","link":"https:\/\/www.umsvieh.at\/?p=311","title":{"rendered":"12  steirische Schweine-bauern vor Gericht"},"content":{"rendered":"<p>Gesundheitliche Beeintr\u00e4chtigung der Bev\u00f6lkrtung durch Luftverdvhmutzung,\u00a0 Boden- und Wasserverunreinigung\u00a0 lautet die Anklage gegen\u00a0 die Besiter und P\u00e4chter von sechs Landwurtschaftlichen Betrieben\u00a0 mit zusammen\u00a0 12.000 Schweinen in der s\u00fcdoststeirischen Gemeinde Murfeld.\u00a0 Ihre St\u00e4lle seien nur f\u00fcr rund 5.000 Tiere genehmigt gewesen. Angezeigt hatte sie\u00a0 die steirische Umweltanw\u00e4ltin<!--more--> \u00fcber Intervention der &#8222;Initiative\u00a0 SteirerInnen gegen Tierfabriken&#8220;,\u00a0\u00a0\u00a0 die langj\u00e4hrige Klagen von Dorfbewohnern \u00fcber den unertr\u00e4glich bei\u00dfenden Geruch\u00a0 aufggegriffen hatte.\u00a0 Die am 18.1. vor dem Straflandesgericht Graz begonnene Verhandlung wird am 14.Februar fortgesetzt.N\u00e4heres siehe\u00a0 <a href=\"https:\/\/steiermark.orf.at\/news\/stories\/2958965\/\">https:\/\/steiermark.orf.at\/news\/stories\/2958965\/ \u00a0\u00a0\u00a0 <\/a><\/p>\n","protected":false},"excerpt":{"rendered":"<p>Gesundheitliche Beeintr\u00e4chtigung der Bev\u00f6lkrtung durch Luftverdvhmutzung,\u00a0 Boden- und Wasserverunreinigung\u00a0 lautet die Anklage gegen\u00a0 die Besiter und P\u00e4chter von sechs Landwurtschaftlichen Betrieben\u00a0 mit zusammen\u00a0 12.000 Schweinen in der s\u00fcdoststeirischen Gemeinde Murfeld.\u00a0 Ihre St\u00e4lle seien nur f\u00fcr rund 5.000 Tiere genehmigt gewesen. Angezeigt hatte sie\u00a0 die steirische Umweltanw\u00e4ltin<\/p>\n","protected":false},"author":1,"featured_media":0,"comment_status":"open","ping_status":"closed","sticky":false,"template":"","format":"standard","meta":{"footnotes":""},"categories":[2],"tags":[29,76,95,143],"class_list":["post-311","post","type-post","status-publish","format-standard","hentry","category-allgemein","tag-dvhernrmast","tag-initiative-gegen-tierfabriken","tag-luftverrunreinigung","tag-strafverfahren"],"jetpack_featured_media_url":"","_links":{"self":[{"href":"https:\/\/www.umsvieh.at\/index.php?rest_route=\/wp\/v2\/posts\/311","targetHints":{"allow":["GET"]}}],"collection":[{"href":"https:\/\/www.umsvieh.at\/index.php?rest_route=\/wp\/v2\/posts"}],"about":[{"href":"https:\/\/www.umsvieh.at\/index.php?rest_route=\/wp\/v2\/types\/post"}],"author":[{"embeddable":true,"href":"https:\/\/www.umsvieh.at\/index.php?rest_route=\/wp\/v2\/users\/1"}],"replies":[{"embeddable":true,"href":"https:\/\/www.umsvieh.at\/index.php?rest_route=%2Fwp%2Fv2%2Fcomments&post=311"}],"version-history":[{"count":0,"href":"https:\/\/www.umsvieh.at\/index.php?rest_route=\/wp\/v2\/posts\/311\/revisions"}],"wp:attachment":[{"href":"https:\/\/www.umsvieh.at\/index.php?rest_route=%2Fwp%2Fv2%2Fmedia&parent=311"}],"wp:term":[{"taxonomy":"category","embeddable":true,"href":"https:\/\/www.umsvieh.at\/index.php?rest_route=%2Fwp%2Fv2%2Fcategories&post=311"},{"taxonomy":"post_tag","embeddable":true,"href":"https:\/\/www.umsvieh.at\/index.php?rest_route=%2Fwp%2Fv2%2Ftags&post=311"}],"curies":[{"name":"wp","href":"https:\/\/api.w.org\/{rel}","templated":true}]}}