{"id":27,"date":"2016-07-31T21:19:20","date_gmt":"2016-07-31T19:19:20","guid":{"rendered":"http:\/\/www.umsvieh.at\/?p=27"},"modified":"2016-07-31T21:19:20","modified_gmt":"2016-07-31T19:19:20","slug":"ei-besser-keins","status":"publish","type":"post","link":"https:\/\/www.umsvieh.at\/?p=27","title":{"rendered":"Ei: Besser kein&#039;s &#8230;"},"content":{"rendered":"<p align=\"justify\"><strong><i>Ei; Besser lein&#8217;s, aber wenn schon ein&#8217;s,<br \/>\ndann das Freilandei mit dem <\/i><i>L<\/i><i>abe<\/i><i>l<\/i><i> \u201etierschutz\u00adgepr\u00fcft\u201c<!--more--><\/i> <\/strong><\/p>\n<p align=\"justify\"><span style=\"font-family: Times New Roman,serif\">ES war vor einem Vierteljahrhundert, da rief mich der Direktor der Handelskette Billa an \u2013 ich behandelte damals im Aktiven Tier\u00adschutz Steiermark Nutztiersachen und wir waren in Verbindung mit Billa. Der Direktor sagte: Wir machen alles, was ihr Tiersch\u00fctzer wollt \u2013 es daff nur nichts kosten. Ich musste den Manager entt\u00e4uschen \u2013 Tierschutz gibt es genau so wie Menschenschutz nicht zum Null-Tarif. (\u00dcbri\u00adgens agierte der Billa-Eigen\u00adt\u00fcmer Karl Wla\u00adschek doch bemerkenswert tierfreundlich. Er verbannte schon um 1992 K\u00e4figeier aus den Regalen seiner Kette und \u00f6ffnete so den Weg f\u00fcr das sp\u00e4tere Verbot der Batteriek\u00e4fige).<\/span><\/p>\n<p align=\"justify\"><span style=\"font-family: Times New Roman,serif\">In der Som<\/span><span style=\"font-family: Times New Roman,serif\">m<\/span><span style=\"font-family: Times New Roman,serif\">ernummer 2015 <\/span><span style=\"font-family: Times New Roman,serif\">der <\/span><span style=\"font-family: Times New Roman,serif\"><i>anima<\/i><\/span><span style=\"font-family: Times New Roman,serif\">hatten wir von eine<\/span><span style=\"font-family: Times New Roman,serif\">r<\/span><span style=\"font-family: Times New Roman,serif\"> er\u00adfreulichen <\/span><span style=\"font-family: Times New Roman,serif\">Aktion<\/span><span style=\"font-family: Times New Roman,serif\"> gro\u00dfer Han\u00addelsketten berich\u00adtet, wenigstens im <\/span><span style=\"font-family: Times New Roman,serif\">B<\/span><span style=\"font-family: Times New Roman,serif\">io-Sek\u00adtor nur mehr Eier von Zweinutzungs-h\u00fchnern in die Regale zu las\u00adsen. Damit w\u00e4re <\/span><span style=\"font-family: Times New Roman,serif\">hier <\/span><span style=\"font-family: Times New Roman,serif\">der T\u00f6tung m\u00e4nnlicher K\u00fcken ein <\/span><span style=\"font-family: Times New Roman,serif\">E<\/span><span style=\"font-family: Times New Roman,serif\">nde gesetz<\/span><span style=\"font-family: Times New Roman,serif\">t<\/span><span style=\"font-family: Times New Roman,serif\">; die w\u00fcr\u00adden etwa drei Monate lang zu \u201eMast\u00adh\u00e4hnchen\u201c herangef\u00fcttert. Leider, zu fr\u00fch ge\u00adfreu<\/span><span style=\"font-family: Times New Roman,serif\">t. <\/span><span style=\"font-family: Times New Roman,serif\">Aus Handel ud Erzeugung verlautet, das rentiert sich nicht, die Hennen legen zu wenig.n Z\u00fcr\u00fcck zum Ursprung (Hofer) be\u00adst\u00e4tigt, man sei zu reinen Legerassen\/linien zur\u00fcckgekehrt, ziehe aber deren m\u00e4nnliche K\u00fcken auf und schlachte die dann 1,1 kg schweren Tiere nach zehn Woche<\/span><span style=\"font-family: Times New Roman,serif\">n<\/span><span style=\"font-family: Times New Roman,serif\">. <\/span><span style=\"font-family: Times New Roman,serif\">Das sei defizit\u00e4r, die Differenz m\u00fcsse aus dem Eier\u00adl\u00f6s gedeckt werden. <\/span><span style=\"font-family: Times New Roman,serif\">Der Name \u201eHahn im Gl\u00fcck\u201c bleibt.<\/span><span style=\"font-family: Times New Roman,serif\">Rewe spricht wenig pr\u00e4zise von Umstellung auf neue Genetik, vitaleren und agileren Zweinutzungstieren mit besserer Legeleistung ohne n\u00e4here Angaben. Die Fa. Toni&#8217;s entscheidet erst im Juni, ob sie bei der <\/span><span style=\"font-family: Times New Roman,serif\">echten Zweinutzungsrasse bleibt.<\/span><\/p>\n<p align=\"justify\"><span style=\"font-family: Times New Roman,serif\">D<\/span><span style=\"font-family: Times New Roman,serif\">ie Hennen legen zu wenig Eier \u2013 <\/span><span style=\"font-family: Times New Roman,serif\">ist das nicht <\/span><span style=\"font-family: Times New Roman,serif\">eine sehr einseitige Sichtweise? Man k\u00f6nnte genau so sagen, die Konsumenten zahlen zu <\/span><span style=\"font-family: Times New Roman,serif\">w<\/span><span style=\"font-family: Times New Roman,serif\">enig, die Ketten legen die Preise zu niedrig fest. Nebenan stehen Worte, die <\/span><span style=\"font-family: Times New Roman,serif\">der Initiator der b\u00e4uerlichen Kreditgenossen\u00adschaften Raiff\u00adeisen <\/span><span style=\"font-family: Times New Roman,serif\"> vor gut 13<\/span><span style=\"font-family: Times New Roman,serif\">0<\/span><span style=\"font-family: Times New Roman,serif\"> Jahren ge\u00adsagt hat. Sie k\u00f6nn\u00adten genau so gut heute ge\u00ad<\/span><span style=\"font-family: Times New Roman,serif\">s<\/span><span style=\"font-family: Times New Roman,serif\">agt w<\/span><span style=\"font-family: Times New Roman,serif\">e<\/span><span style=\"font-family: Times New Roman,serif\">rden. Es geht uns so gut, wie man es vor hundert Jahren nicht f\u00fcr m\u00f6glich gehalten h\u00e4tte. Untersch\u00e4tzen die Ketten vielleicht die Bereitschaf<\/span><span style=\"font-family: Times New Roman,serif\">t<\/span><span style=\"font-family: Times New Roman,serif\"> vi<\/span><span style=\"font-family: Times New Roman,serif\">e<\/span><span style=\"font-family: Times New Roman,serif\">ler Konsu\u00admenten, f\u00fcr Gutes mehr zu zahlen. <\/span><\/p>\n<p align=\"justify\"><span style=\"font-family: Times New Roman,serif\">Karl Wlaschek, <\/span><span style=\"font-family: Times New Roman,serif\">wir erz\u00e4hlten es zu Beginn, hatte den Mut, seinen Kunden nur Besseres zu bieten, zu einem h\u00f6heren Preis.<\/span><span style=\"font-family: Times New Roman,serif\"> Billa ist darob nicht in Konkurs gegangen. <\/span><span style=\"font-family: Times New Roman,serif\">Fehlt heute im Han\u00addel <\/span><span style=\"font-family: Times New Roman,serif\">d<\/span><span style=\"font-family: Times New Roman,serif\">er Mut? <\/span><\/p>\n<p align=\"justify\"><span style=\"font-family: Times New Roman,serif\">Ob die neue Linie, die Doppeln<\/span><span style=\"font-family: Times New Roman,serif\">u<\/span><span style=\"font-family: Times New Roman,serif\">tzung der Le\u00ad<\/span><span style=\"font-family: Times New Roman,serif\">ge<\/span><span style=\"font-family: Times New Roman,serif\">rassen f\u00fcr Henne und Hahn ein Nutzen ist? F\u00fcr die Henne sicher nicht, sie unterliegt wei\u00adterhin dem Stress, viel zu viele Eier legen zu m\u00fcssen, der Druck auf \u201eRationalisierung\u201c sprich mehr Leistung und weniger \u201eKomfort\u201c ist noch gr\u00f6\u00dfer geworden, da sie ja auch die M\u00e4nnchen \u201efina<\/span><span style=\"font-family: Times New Roman,serif\">n<\/span><span style=\"font-family: Times New Roman,serif\">zieren\u201c muss.<\/span><span style=\"font-family: Times New Roman,serif\">D<\/span><span style=\"font-family: Times New Roman,serif\">ie Fleisch\u00adausbeute der M\u00e4nnchen wird die Nachfrage nach Brath\u00e4hnchen kaum verringern, also hier auch kaum indirekter Nutzen (=weniger Masth\u00fch\u00adner). Ob f\u00fcr die M\u00e4nnchen zehn Wo\u00adchen <\/span><span style=\"font-family: Times New Roman,serif\">L<\/span><span style=\"font-family: Times New Roman,serif\">eben den Stress im engen Stall, die qu\u00e4lerischen Strapazen des Wegs zum Schlacht<\/span><span style=\"font-family: Times New Roman,serif\">hof<\/span><span style=\"font-family: Times New Roman,serif\"> und d<\/span><span style=\"font-family: Times New Roman,serif\">er <\/span><span style=\"font-family: Times New Roman,serif\">S<\/span><span style=\"font-family: Times New Roman,serif\">chlachtprozet<\/span><span style=\"font-family: Times New Roman,serif\">d<\/span><span style=\"font-family: Times New Roman,serif\">u<\/span><span style=\"font-family: Times New Roman,serif\">r<\/span><span style=\"font-family: Times New Roman,serif\"> fwie\u00adgen, <\/span><span style=\"font-family: Times New Roman,serif\">oder<\/span><span style=\"font-family: Times New Roman,serif\"> ob der rasche Tod als kleines K\u00fc\u00adken nicht das bessere Los ist, wagen wir nicht zu entscheiden.<\/span><\/p>\n<p align=\"justify\"><span style=\"font-family: Times New Roman,serif\">W<\/span><span style=\"font-family: Times New Roman,serif\">ir hatten in den fr\u00fcheren Nummern unse\u00adrem Slogan; <\/span><span style=\"font-family: Times New Roman,serif\"><i>Besser lein&#8217;s, aber wenn schon ein&#8217;s, dann das Freilandei mit dem <\/i><\/span><span style=\"font-family: Times New Roman,serif\"><i>L<\/i><\/span><span style=\"font-family: Times New Roman,serif\"><i>abe<\/i><\/span><span style=\"font-family: Times New Roman,serif\"><i>l<\/i><\/span><span style=\"font-family: Times New Roman,serif\"><i> \u201etierschutz\u00adgepr\u00fcft\u201c<\/i><\/span><span style=\"font-family: Times New Roman,serif\"> den Zusatz \u201enur von Zweinutzungs\u00adh\u00fchnern\u201c beigef\u00fcgt. Wir k\u00f6n\u00adnen diese Empfeh\u00adlung nicht mehr mit gutem Gewissen bekr\u00e4fti\u00adgen. Vollinhaltlich stehen wir hinter de<\/span><span style=\"font-family: Times New Roman,serif\">r<\/span><span style=\"font-family: Times New Roman,serif\"> Emp\u00adfehlung <\/span><span style=\"font-family: Times New Roman,serif\"><b>\u201e<\/b><\/span><span style=\"font-family: Times New Roman,serif\"><b>Ei? <\/b><\/span><span style=\"font-family: Times New Roman,serif\"><b style=\"font-family: Times New Roman,serif\">Besser kein&#8217;s!\u201c.<\/b><\/span><\/p>\n<p align=\"right\"><span style=\"font-family: Times New Roman,serif\"><i style=\"font-family: Times New Roman,serif\">Erwin Lauppert<\/i><\/span> ( aus anima Nr 1(Fr\u00fchjahr )2016)<\/p>\n<p>&nbsp;<\/p>\n","protected":false},"excerpt":{"rendered":"<p>Ei; Besser lein&#8217;s, aber wenn schon ein&#8217;s, dann das Freilandei mit dem Label \u201etierschutz\u00adgepr\u00fcft\u201c<\/p>\n","protected":false},"author":1,"featured_media":0,"comment_status":"open","ping_status":"closed","sticky":false,"template":"","format":"standard","meta":{"footnotes":""},"categories":[5],"tags":[31,49],"class_list":["post-27","post","type-post","status-publish","format-standard","hentry","category-eier","tag-eier","tag-freilandei"],"jetpack_featured_media_url":"","_links":{"self":[{"href":"https:\/\/www.umsvieh.at\/index.php?rest_route=\/wp\/v2\/posts\/27","targetHints":{"allow":["GET"]}}],"collection":[{"href":"https:\/\/www.umsvieh.at\/index.php?rest_route=\/wp\/v2\/posts"}],"about":[{"href":"https:\/\/www.umsvieh.at\/index.php?rest_route=\/wp\/v2\/types\/post"}],"author":[{"embeddable":true,"href":"https:\/\/www.umsvieh.at\/index.php?rest_route=\/wp\/v2\/users\/1"}],"replies":[{"embeddable":true,"href":"https:\/\/www.umsvieh.at\/index.php?rest_route=%2Fwp%2Fv2%2Fcomments&post=27"}],"version-history":[{"count":0,"href":"https:\/\/www.umsvieh.at\/index.php?rest_route=\/wp\/v2\/posts\/27\/revisions"}],"wp:attachment":[{"href":"https:\/\/www.umsvieh.at\/index.php?rest_route=%2Fwp%2Fv2%2Fmedia&parent=27"}],"wp:term":[{"taxonomy":"category","embeddable":true,"href":"https:\/\/www.umsvieh.at\/index.php?rest_route=%2Fwp%2Fv2%2Fcategories&post=27"},{"taxonomy":"post_tag","embeddable":true,"href":"https:\/\/www.umsvieh.at\/index.php?rest_route=%2Fwp%2Fv2%2Ftags&post=27"}],"curies":[{"name":"wp","href":"https:\/\/api.w.org\/{rel}","templated":true}]}}