{"id":255,"date":"2018-11-07T11:53:03","date_gmt":"2018-11-07T09:53:03","guid":{"rendered":"http:\/\/www.umsvieh.at\/?p=255"},"modified":"2018-11-07T11:53:03","modified_gmt":"2018-11-07T09:53:03","slug":"niedersachsens-landwirtschaftsministerin-fuer-video-kontrolle-in-schlachthoefen","status":"publish","type":"post","link":"https:\/\/www.umsvieh.at\/?p=255","title":{"rendered":"Niedersachsens Landwirtschaftsministerin  f\u00fcr Video-Kontrolle in Schlachth\u00f6fen"},"content":{"rendered":"<p>600 Stunden Videofilm, heimlich in einem Oldenburger\u00a0Rinder-Gro\u00dfschlachthof aufgenomm, sorgte f\u00fcr Ersch\u00fctterung. Die\u00a0nieders\u00e4chsische\u00a0Agrarministerin (CDU)\u00a0k\u00fcndigte an, sich auf Bundesebene daf\u00fcr einsetzen zu wollen, dass Schlachth\u00f6fe zuk\u00fcnftig st\u00e4ndig\u00a0per\u00a0Videokamera \u00fcberwacht werden k\u00f6nnen.<!--more-->(Das ist \u00fcbrigens eine Jahrzehnte alte Tierschutzforderung). &#8222;Was wir dort erleben, ist eine Verrohung in der Mitarbeiterschaft, das sind\u00a0untragbare Zust\u00e4nde! sagte sie laut NDR.\u00a0 N\u00e4heres\u00a0 <a href=\"https:\/\/www.ndr.de\/nachrichten\/niedersachsen\/oldenburg_ostfriesland\/Tierquaelerei-Ministerium-zeigt-Schlachthof-an,schlachthof364.html\"><span style=\"color: #0c327d\"><span style=\"font-family: NDRSansCondRegular, sans-serif\">https:\/\/www.ndr.de\/nachrichten\/niedersachsen\/oldenburg_ostfriesland\/Tierquaelerei-Ministerium-zeigt-Schlachthof-an,schlachthof364.html\u00a0\u00a0<\/span><\/span><\/a><br \/>\nNebenbei, unsere \u00f6sterr. Regierung\u00a0 will\u00a0 heimliche Stallaufnahmen unter gerichtliche Sanktion stellen.<\/p>\n","protected":false},"excerpt":{"rendered":"<p>600 Stunden Videofilm, heimlich in einem Oldenburger\u00a0Rinder-Gro\u00dfschlachthof aufgenomm, sorgte f\u00fcr Ersch\u00fctterung. Die\u00a0nieders\u00e4chsische\u00a0Agrarministerin (CDU)\u00a0k\u00fcndigte an, sich auf Bundesebene daf\u00fcr einsetzen zu wollen, dass Schlachth\u00f6fe zuk\u00fcnftig st\u00e4ndig\u00a0per\u00a0Videokamera \u00fcberwacht werden k\u00f6nnen.<\/p>\n","protected":false},"author":1,"featured_media":0,"comment_status":"open","ping_status":"closed","sticky":false,"template":"","format":"standard","meta":{"footnotes":""},"categories":[2],"tags":[112,131,167],"class_list":["post-255","post","type-post","status-publish","format-standard","hentry","category-allgemein","tag-oldenburg","tag-schlachthoefe","tag-videoueberwachung"],"jetpack_featured_media_url":"","_links":{"self":[{"href":"https:\/\/www.umsvieh.at\/index.php?rest_route=\/wp\/v2\/posts\/255","targetHints":{"allow":["GET"]}}],"collection":[{"href":"https:\/\/www.umsvieh.at\/index.php?rest_route=\/wp\/v2\/posts"}],"about":[{"href":"https:\/\/www.umsvieh.at\/index.php?rest_route=\/wp\/v2\/types\/post"}],"author":[{"embeddable":true,"href":"https:\/\/www.umsvieh.at\/index.php?rest_route=\/wp\/v2\/users\/1"}],"replies":[{"embeddable":true,"href":"https:\/\/www.umsvieh.at\/index.php?rest_route=%2Fwp%2Fv2%2Fcomments&post=255"}],"version-history":[{"count":0,"href":"https:\/\/www.umsvieh.at\/index.php?rest_route=\/wp\/v2\/posts\/255\/revisions"}],"wp:attachment":[{"href":"https:\/\/www.umsvieh.at\/index.php?rest_route=%2Fwp%2Fv2%2Fmedia&parent=255"}],"wp:term":[{"taxonomy":"category","embeddable":true,"href":"https:\/\/www.umsvieh.at\/index.php?rest_route=%2Fwp%2Fv2%2Fcategories&post=255"},{"taxonomy":"post_tag","embeddable":true,"href":"https:\/\/www.umsvieh.at\/index.php?rest_route=%2Fwp%2Fv2%2Ftags&post=255"}],"curies":[{"name":"wp","href":"https:\/\/api.w.org\/{rel}","templated":true}]}}