{"id":226,"date":"2018-09-07T22:48:15","date_gmt":"2018-09-07T20:48:15","guid":{"rendered":"http:\/\/www.umsvieh.at\/?p=226"},"modified":"2018-09-07T22:48:15","modified_gmt":"2018-09-07T20:48:15","slug":"schreien-erlaubt","status":"publish","type":"post","link":"https:\/\/www.umsvieh.at\/?p=226","title":{"rendered":"Schreien erlaubt,"},"content":{"rendered":"<p><strong>wenn\u00a0der Wolf kommt \u2013 aber nur in vier Gemeinden!<\/strong><br \/>\nSeit zwei Wochen\u00a0steht es\u00a0fest:\u00a0Ein\u00a0zweites Wolfsrudel hat sich im\u00a0nieder\u00f6sterreichischen Waldviertel angesiedellt,<!--more-->\u00a0Migranten\u00a0aus Ostdeutschland oder\u00a0Polen. Es ist\u00a0nahe dem Dreil\u00e4ndereck N\u00d6-O\u00d6-Tschechien\u00a0heimisch\u00a0geworden.\u00a0Dem entsprechend\u00a0steigen\u00a0die Opferzahlen, selbst im Nahbereich\u00a0 von Geh\u00f6ften. \u00dcber drei\u00dfig Schafrisse\u00a0in\u00a0kurzer Zeit.\u00a0Auch\u00a0ein Kuhkalb musste sterben.\u00a0Daneben gedeiht das am\u00a0Truppen\u00fcbungsplatz Allentsteig (vormals D\u00f6llersheim) ans\u00e4ssige\u00a0Rudel,\u00a0jetzt zwanzig K\u00f6pfe stark.\u00a0Im\u00a0\u00fcbrigen gibt es immer wieder aus ganz\u00a0\u00d6sterrichMeldungen \u00fcber\u00a0Weidetiert\u00f6tungen, verursacht meist von\u00a0Einzelg\u00e4ngern. K\u00fcrzer oder\u00a0l\u00e4nger in einer Gegend oder auf der Durchreise. Z.B. im Juni in\u00a0Mauerbach,\u00a0 einer Wienerwald-Gemeinde\u00a0fast vor denToren\u00a0Wiens. Hier\u00a0biss ein Wolf,\u00a0 vermutlich aus dem italienisch-schweizeris hen\u00a0Grenzgebiet stammend, zu; ausgerecnnet auf der Wiese einer Frau,\u00a0die sich der Aufzucht und artgerechten\u00a0 Haltung aussterbender Tierartn verschrieben hatte. Ein Schaf wurde auf der Weide\u00a0totgebissen, ein zweites\u00a0stab vermutlich vor Schreck, eindrittes\u00a0veletzte sich auf der Flucht zuToide\u00a0(siehe\u00a0\u00a0\u00a0\u00a0\u00a0 <a href=\"https:\/\/www.propferd.at\/main.asp?VID=1&amp;kat1=87&amp;kat2=644&amp;NID=6724\">https:\/\/www.propferd.at\/main.asp?VID=1&amp;kat1=87&amp;kat2=644&amp;NID=6724\u00a0<\/a>).<br \/>\nUnsere\u00a0meist st\u00e4dtische Bev\u00f6lkerung interessiert das alles kaum, doch in\u00a0l\u00e4ndlichen Gebieten, namentlich im Wald- und M\u00fchlviertel sind viele\u00a0 Menschen\u00a0beunruhigt. Die Forderung nach Abschuss\u00a0wird in Bauernkreisen immer\u00a0lauter.\u00a0Viele h\u00e4tten dort auf Bio gesetzt, auf Weidewirtschaft. Der\u00a0Wolf\u00a0mache das unm\u00f6glich. Die Ideen des WWF und anderer Wolfsfreunde\u00a0uber sichere Z\u00e4une und Herdenschutzhunde seien lebensfremd und\u00a0praktrisch unbezahlbar und undurchf\u00fchrbar.\u00a0Eine B\u00e4uerin mit 60 Weidek\u00fchen,\u00a0zugleich B\u00fcrgermeisterin einer kleinen Gemeinde:\u00a0Sobald bei uns ein Tier\u00a0gerissen wird, h\u00f6re ich mit der\u00a0Weidewirtschaft auf.\u201c \u00a0Etliche\u00a0Orte n in dieser strugenukturschwachen Landschaft setzen ihre\u00a0Hoffnung auf den\u00a0Fremdenverkehr: erholsame Waldwanderungen. Wer werrde sich\u00a0noch in den Wald trauen, wenn dortr ein Wolfsrudel umherstreift \u2013\u00a0au\u00dfer der J\u00e4ger;\u00a0der\u00a0hat ja\u00a0ein Gewehr. Und dann die\u00a0Angst\u00a0um\u00a0die Kinder. Nicht umsonst warnt die Regieung von Alaska,\u00a0Kinder\u00a0in Wolfgegenden nicht\u00a0 allein an der\u00a0Bushaltestelle warten zu lassen.<br \/>\nAll\u00a0diese Sorgen, vor allem die hohen Opferzahlen\u00a0haben vor wenigen\u00a0Tagen die nieder- und dann die ober\u00f6stgerreichische\u00a0Landesregierung aufger\u00fcttelt.\u00a0In drei n\u00f6. und einer o\u00f6. Gemeinde,\u00a0 der\u00a0Marktgemeinde\u00a0Liebenau\u00a0in\u00a0der\u00a0bergigen Nordostecke\u00a0des Landes d\u00fcrfen\u00a0 W\u00f6lfe\u00a0im\u00a0Nahbereich von H\u00e4usern\u00a0 befristet\u00a0 \u201evergr\u00e4mt\u201c\u00a0werden:<br \/>\n\u201eIm\u00a0Interesse der \u00f6ffentlichen Sicherheit d\u00fcrfen W\u00f6lfe, die sich\u00a0innerhalb eines Umkreises von 200 Metern von bewohnten Geb\u00e4uden\u00a0aufhalten,\u00a0durch die Grundst\u00fcckseigent\u00fcmer selbst beziehungsweise\u00a0die zust\u00e4ndigen J\u00e4ger vergr\u00e4mt werden. Nach Ma\u00dfgabe der\u00a0erforderlichen Wirksamkeit\u00a0d\u00fcrfen nun Gummigescho\u00dfe,\u00a0Schreckschussmunition, Signalpatronen, Licht oder L\u00e4rm eingesetzt\u00a0werden, wobei weitere einschl\u00e4gige gesetzliche\u00a0Bestimmungen wie\u00a0beispielsweise das Waffengesetz oder das Pyrothechnikgesetz\u00a0einzuhalten sind. F\u00fcr die Beurteilung der Wirkung der\u00a0durchgef\u00fchrten\u00a0Ma\u00dfnahmen muss jeder Einsatz exakt protokolliert werden. Die\u00a0Ausnahmebewilligung gilt bis 31. Dezember 2019.\u201c<br \/>\nAlso, in den vier Gemeinden darf man den Pr\u00e4dator,\u00a0 wenn er sich dem Haus n\u00e4hert, \u00a0durch L\u00e4rm\u00a0 vertreiben, zB durch Geschrei. Bleibt die\u00a0Frage: Kommt dir der\u00a0 Wolf\u00a0 anderswo zu nahe, darfst du schreien oder ist das verboten?<\/p>\n","protected":false},"excerpt":{"rendered":"<p>wenn\u00a0der Wolf kommt \u2013 aber nur in vier Gemeinden! Seit zwei Wochen\u00a0steht es\u00a0fest:\u00a0Ein\u00a0zweites Wolfsrudel hat sich im\u00a0nieder\u00f6sterreichischen Waldviertel angesiedellt,<\/p>\n","protected":false},"author":1,"featured_media":0,"comment_status":"open","ping_status":"closed","sticky":false,"template":"","format":"standard","meta":{"footnotes":""},"categories":[2],"tags":[165,173,185],"class_list":["post-226","post","type-post","status-publish","format-standard","hentry","category-allgemein","tag-vergraemen","tag-waldviertel","tag-woelfe"],"jetpack_featured_media_url":"","_links":{"self":[{"href":"https:\/\/www.umsvieh.at\/index.php?rest_route=\/wp\/v2\/posts\/226","targetHints":{"allow":["GET"]}}],"collection":[{"href":"https:\/\/www.umsvieh.at\/index.php?rest_route=\/wp\/v2\/posts"}],"about":[{"href":"https:\/\/www.umsvieh.at\/index.php?rest_route=\/wp\/v2\/types\/post"}],"author":[{"embeddable":true,"href":"https:\/\/www.umsvieh.at\/index.php?rest_route=\/wp\/v2\/users\/1"}],"replies":[{"embeddable":true,"href":"https:\/\/www.umsvieh.at\/index.php?rest_route=%2Fwp%2Fv2%2Fcomments&post=226"}],"version-history":[{"count":0,"href":"https:\/\/www.umsvieh.at\/index.php?rest_route=\/wp\/v2\/posts\/226\/revisions"}],"wp:attachment":[{"href":"https:\/\/www.umsvieh.at\/index.php?rest_route=%2Fwp%2Fv2%2Fmedia&parent=226"}],"wp:term":[{"taxonomy":"category","embeddable":true,"href":"https:\/\/www.umsvieh.at\/index.php?rest_route=%2Fwp%2Fv2%2Fcategories&post=226"},{"taxonomy":"post_tag","embeddable":true,"href":"https:\/\/www.umsvieh.at\/index.php?rest_route=%2Fwp%2Fv2%2Ftags&post=226"}],"curies":[{"name":"wp","href":"https:\/\/api.w.org\/{rel}","templated":true}]}}