{"id":220,"date":"2018-09-03T00:38:14","date_gmt":"2018-09-02T22:38:14","guid":{"rendered":"http:\/\/www.umsvieh.at\/?p=220"},"modified":"2019-07-05T11:06:36","modified_gmt":"2019-07-05T11:06:36","slug":"die-neue-schweizer-kuh","status":"publish","type":"post","link":"https:\/\/www.umsvieh.at\/?p=220","title":{"rendered":"Die &quot;Neue Schweizer Kuh&quot;"},"content":{"rendered":"<p align=\"left\"><span style=\"color: #1b1b1b\"><span style=\"font-size: medium\"><span style=\"font-size: medium\">Noch mehr Fleisch, noch mehr Milch oder Wolle je Tier \u2013 lange anerkanntes Ziel in der Viehwirtschaft \u2013 das Ergebnis Qualzucht. Eine Initiative dagegen \u201edie IG Neue Schweizer Kuh\u201c.&nbsp; <!--more--><\/span>Diese&nbsp; vor einigen Jahren von etlichen Schweizer Bauern gegr\u00fcndete Interessengemeinschaft wurde vor einigen Wochen auch von <span style=\"font-family: Times New Roman\">Medien <\/span><span style=\"font-family: Times New Roman\">der Nachbarstaaten entdeckt<\/span><span style=\"font-family: Times New Roman\">. Ihr Ziel, die Z\u00fcchtungen auf ein vern\u00fcnftiges Ma\u00df zur\u00fcckf\u00fchren, eine <\/span><span style=\"font-family: Times New Roman\">gesunde <\/span><span style=\"font-family: Times New Roman\">Kuh, die sich von selbst erzeugten heimischen Futtermitteln, Gras und Silomais ern\u00e4hren l\u00e4sst und m\u00f6glichst ohne <\/span><span style=\"font-family: Times New Roman\">Kraftfutter und Antibiotika<\/span><span style=\"font-family: Times New Roman\"> auskommt. <\/span><span style=\"font-family: Times New Roman\">Eine <\/span><span style=\"font-family: Times New Roman\">weidetauglich <\/span><span style=\"font-family: Times New Roman\">Kuh, nicht gr\u00f6\u00dfer als <\/span><span style=\"font-family: Times New Roman\">140 bis 145 cm t und nicht mehr als 500 bis 600 kg <\/span><span style=\"font-family: Times New Roman\">schwer. <\/span><span style=\"font-family: Times New Roman\">K<\/span><span style=\"font-family: Times New Roman\">ein Wegwerf<\/span><span style=\"font-family: Times New Roman\">tier<\/span><span style=\"font-family: Times New Roman\">, d<\/span><span style=\"font-family: Times New Roman\">as<\/span><span style=\"font-family: Times New Roman\"> nach zwei, drei Jahren H\u00f6chstleistung als unrentabel <\/span><span style=\"font-family: Times New Roman\">und krank <\/span><span style=\"font-family: Times New Roman\">in den Schlachthof muss. <\/span><span style=\"font-family: Times New Roman\">Eine l<\/span><span style=\"font-family: Times New Roman\">anglebig<\/span><span style=\"font-family: Times New Roman\">e Kuh <\/span><span style=\"font-family: Times New Roman\">mit angemessener <\/span><span style=\"font-family: Times New Roman\">Lebensleistung.<\/span><\/span><\/span><\/p>\n<p align=\"left\"><span style=\"color: #1b1b1b\"><span style=\"font-family: Times New Roman\"><span style=\"font-size: medium\">Zwar meint ein Vertreter des Schweizer Bauernverbandes, die Schweiz habe schon in den 90er-Jahren beschlossen, in der Landwirtschaft auf mehr \u00d6kologie und damit auf kleinere Tiere zu setzen, f\u00fcgt aber resigniert an: \u201eAber die Bauern entscheiden selbst, was f\u00fcr sie wirtschaftlich Sinn macht.\u201c (Basler Zeitung).<\/span><\/span><\/span><\/p>\n<p align=\"left\"><span style=\"color: #1b1b1b\"><span style=\"font-family: Times New Roman\"><span style=\"font-size: medium\">Das Problem ist nicht auf die Shweiz beschr\u00e4nkt. In \u00d6sterreich spielt es aber die offizielle landwirtschaftliche Vertretung herunter.<\/span><\/span><\/span><\/p>\n<p align=\"left\"><span style=\"color: #1b1b1b\"><span style=\"font-family: Times New Roman\"><span style=\"font-size: medium\">Es ist verst\u00e4ndlich, dass unsere Bauern nicht vom Draufzahlen leben k\u00f6nnen. Dass sie daher Tiere z\u00fcchten, die ihnen \u2013 bei den Preisen, die ihnen die Molkereien zahlen (k\u00f6nnen) das \u00dcberleben sichern. Doch, es g\u00e4be nicht wenige K onsumenten, tierfreundlich, \u00f6kologisch gesinnte Konsumenten, die bereit w\u00e4ren f\u00fcr in ihrem Sinn bessere Ware auch mehr zu zahlen \u2013 das Freilandei beweist es. Warum wehren sich die Viehwirtschaft, die Molkereien, der Handel solch bessere Milch auf den Markt zu bringen? Und warum die Politik die Bem\u00fchungen um ein solches Produkt zu unterst\u00fctzen?<\/span><\/span><\/span><\/p>\n<p align=\"left\"><span style=\"color: #1b1b1b\"><span style=\"font-family: Times New Roman\"><span style=\"font-size: medium\">Zur IG Neue Schweizer Kuh siehe auch <a href=\"http:\/\/www.badische-zeitung.de\/panorama\/schweizer-kuehe-werden-zu-dick-fuer-die-almwiesen--155749260.html\">http:\/\/www.badische-zeitung.de\/panorama\/schweizer-kuehe-werden-zu-dick-fuer-die-almwiesen&#8211;155749260.html<\/a><\/span><\/span><\/span><\/p>\n<p><!--\np { margin-bottom: 0.25cm; line-height: 120%; }a:link { }\n--><\/p>\n","protected":false},"excerpt":{"rendered":"<p>Noch mehr Fleisch, noch mehr Milch oder Wolle je Tier \u2013 lange anerkanntes Ziel in der Viehwirtschaft \u2013 das Ergebnis Qualzucht. Eine Initiative dagegen \u201edie IG Neue Schweizer Kuh\u201c.&nbsp;<\/p>\n","protected":false},"author":1,"featured_media":0,"comment_status":"open","ping_status":"closed","sticky":false,"template":"","format":"standard","meta":{"footnotes":""},"categories":[2],"tags":[105,121,174,191],"class_list":["post-220","post","type-post","status-publish","format-standard","hentry","category-allgemein","tag-milchkuehe","tag-qualzucht","tag-warenangebot","tag-zuchtziele"],"jetpack_featured_media_url":"","_links":{"self":[{"href":"https:\/\/www.umsvieh.at\/index.php?rest_route=\/wp\/v2\/posts\/220","targetHints":{"allow":["GET"]}}],"collection":[{"href":"https:\/\/www.umsvieh.at\/index.php?rest_route=\/wp\/v2\/posts"}],"about":[{"href":"https:\/\/www.umsvieh.at\/index.php?rest_route=\/wp\/v2\/types\/post"}],"author":[{"embeddable":true,"href":"https:\/\/www.umsvieh.at\/index.php?rest_route=\/wp\/v2\/users\/1"}],"replies":[{"embeddable":true,"href":"https:\/\/www.umsvieh.at\/index.php?rest_route=%2Fwp%2Fv2%2Fcomments&post=220"}],"version-history":[{"count":1,"href":"https:\/\/www.umsvieh.at\/index.php?rest_route=\/wp\/v2\/posts\/220\/revisions"}],"predecessor-version":[{"id":489,"href":"https:\/\/www.umsvieh.at\/index.php?rest_route=\/wp\/v2\/posts\/220\/revisions\/489"}],"wp:attachment":[{"href":"https:\/\/www.umsvieh.at\/index.php?rest_route=%2Fwp%2Fv2%2Fmedia&parent=220"}],"wp:term":[{"taxonomy":"category","embeddable":true,"href":"https:\/\/www.umsvieh.at\/index.php?rest_route=%2Fwp%2Fv2%2Fcategories&post=220"},{"taxonomy":"post_tag","embeddable":true,"href":"https:\/\/www.umsvieh.at\/index.php?rest_route=%2Fwp%2Fv2%2Ftags&post=220"}],"curies":[{"name":"wp","href":"https:\/\/api.w.org\/{rel}","templated":true}]}}