{"id":1311,"date":"2025-10-21T15:43:25","date_gmt":"2025-10-21T15:43:25","guid":{"rendered":"https:\/\/www.umsvieh.at\/?p=1311"},"modified":"2025-10-27T13:39:15","modified_gmt":"2025-10-27T13:39:15","slug":"terror-2","status":"publish","type":"post","link":"https:\/\/www.umsvieh.at\/?p=1311","title":{"rendered":"Terror"},"content":{"rendered":"\n<p>Vier Monate ist es her, dass es zum gr\u00e4sslichen Terrorakt im Grazer Gymnasium Dreiersch\u00fctzengasse kam. Die wahren Hintergr\u00fcnde des T\u00e4ters werden wohl verborgen bleiben. Drei Jahre sind jetzt seit dem Hamas Angriff auf j\u00fcdische Grenzsiedlungen am Gaza-Streifen mit 1500 Toten und Geiseln vergangen. F\u00fcr die einen ein brutaler unmenschlicher Terrorakt, f\u00fcr andere der Verzweiflungsschrei geknechteter Menschen. Seit dem wie immer, unser Metier ist die Nutztierhaltung. Auch hier sind Tod und Gewalt in riesigem Ausma\u00df die Regel, dazu teilweise auch Qual und Marter. Rund Hundert Millionen warmbl\u00fctige f\u00fchlende Tiere, vor allem H\u00fchner, Schweine und Rinder sind Opfer unseres Essverhaltens. Aus tierischer Sicht gesehen faktischer Terror.<br>Das ist in dieser Menge nach modernen Gesundheitserkenntnissen sogar eher gesundheitssch\u00e4dlich. Neben diesen sozusagen gesetzlich-fundierten faktischem Terror ist es wenigstens in der Vergangenheit immer wieder zu aufbegehren gekommen. Zu aufbegehren von Menschen, meist jungen Menschen die sich mit dieser brutalen Gewalt gegen Tiere nicht abfinden wollten. Und daher ihrerseits mit Gewalt reagiert haben, mit Gewalt gegen Menschen oder Sachen die diese Gewalt gegen Tiere direkt oder indirekt \u00fcben. So insbesondere anfangs unseres Jahrhunderts, Akte die teilweise im kl\u00e4glichen \u2013 ein Jahr dauernden \u2013 Wiener Neust\u00e4dter Tiersch\u00fctzer-Prozess endeten.<\/p>\n\n\n\n<p>Bei so viel Gewaltakten kann es interessant sein einmal in die gute alte Zeit zu schauen: Wie war es beispielsweise vor einenhalb Jahrhunderten? Gab es Frieden oder war Terror etwa allt\u00e4glich?<\/p>\n\n\n\n<p>Dazu ein kleiner Artikel aus der Grazer sozialdemokratischen Zeitung &#8222;Arbeiterwille&#8220; aus dem Jahre 1892<br><br>Erwin Lauppert, 21.10.2025<br><br><\/p>\n\n\n\n<p class=\"has-small-font-size\"><strong>Die Propaganda der That<\/strong><\/p>\n\n\n\n<p class=\"has-small-font-size\"><em>Arbeiterwille, Graz, 9.7.1892<\/em><\/p>\n\n\n\n<p class=\"has-small-font-size\">Berichte \u00fcber stattgefundene anarchistische Attentate bildete vor kurzer Zeit ein st\u00e4ndiges Capitel in den b\u00fcrgerlichen Zeitungen, ausf\u00fchrliche Detailmalerei wurde geliefert, um das Grausige noch schrecklicher und den \u00e4ngstlichen Philister, der schon nicht mehr ohne Dynamit beim Fr\u00fchst\u00fcck leben kann, noch banger zu machen und ihn f\u00fcr etwaige Ausnahmegesetze zu pr\u00e4parieren.<\/p>\n\n\n\n<p class=\"has-small-font-size\">Auch die Socialdemokraten nehmen Stellung gegen die Attentate , und mit Recht; die b\u00fcrgerlichen Schriftsteller aber haben kein Recht \u00fcber die Verletzung oder Ermordung Unschuldiger zu jammern, sie die <em>ganz trocken und ohne Entr\u00fcstung <\/em>die verschiedenen Nachrichten bringen, da\u00df z.B in einem Bergwerke ebenso unschuldige Menschen , M\u00e4nner, Frauen und Kinder durch die Sparsamkeit und Geldsucht der Besitzer ums Leben gekommen, dass fortw\u00e4hrend unschuldige Menschen von Maschinen ohne Schutzvorrichtungen verst\u00fcmmelt und in St\u00fccke gerissen werden. Die besitzende Classe hat kein Recht, sich \u00fcber die Dynamitanschl\u00e4ge zu entr\u00fcsten.<\/p>\n\n\n\n<p class=\"has-small-font-size\">Die Sozialisten bek\u00e4mpften den Anarchismus, besonders den praktischen Anarchismus, die Propaganda der That, mit Fug und Recht &#8211; und auch mit mehr Erfolg, als die besitzende Classe -, deshalb,weil der Anarchismus der besitzlosen Classe, dem Proletariate, nichts n\u00fctzen kann, im Gegentheil, die Errichtung seines Endzieles, die Beseitigung der heutigen Gesellschaftszust\u00e4nde, hinausschieben k\u00f6nnte. Nicht umsonst wird das Lockspitzelthum in den verschiedenen L\u00e4ndern geh\u00e4tschelt und gepflegt!<\/p>\n\n\n\n<p class=\"has-small-font-size\">Wir bek\u00e4mpften die anarchistischen Attentate. Nicht als ob wir der Anwendung von Ma\u00dfregeln irgend welcher Art erbleichen w\u00fcrden! Wir wissen, dass, wie Marx sagt, die Gewalt der Geburtshelfer jeder alten Gesellschaft ist, die mit einer neuen schwanger geht. Wenn die Spannkraft im Kessel allm\u00e4hlig gr\u00f6\u00dfer und gr\u00f6\u00dfer geworden ist, zersprengt sie denselben. Nicht aus Mittleid f\u00fcr die Bourgeoisie, nicht aus \u201emoralischen\u201c oder \u201esittlichen\u201c Gr\u00fcnden sind wie gegen die Gewaltth\u00e4tigkeit gegen\u00fcber einzelnen Personen, sondern <em>weil dieselbe nichts n\u00fctzt.<\/em><\/p>\n\n\n\n<p class=\"has-small-font-size\">Die Vorg\u00e4nge in Ru\u00dfland haben dies bewiesen. Selbst in diesem Lande, wo die ganze Macht scheinbar in der Hand eines Einzigen liegt, hatten selbst erfolgreiche Anschl\u00e4ge nicht den erwarteten Sturz des Absolutismus zur Folge, sondern f\u00fchrten nur zur Vernichtung von Hunderten von M\u00e4rthyrern. Die Macht lag eben in Wirklichkeit nicht in den H\u00e4nden des Despoten, sondern der besitzenden Classe, und gegen die Organisation der einen Classe hilft nicht Dynamit, sondern nur die Organisation der unterdr\u00fcckten Classe. Erst jetzt, wo sich die Unzufriedencheit der gro\u00dfen Masse des Volkes bem\u00e4chtigt, wo die Arbeiter sich vereinigen, ist die M\u00f6glichkeit f\u00fcr den Sturz des Absolutismus gekommen.<\/p>\n\n\n\n<p class=\"has-small-font-size\">Aehnlich ist es in den anderen L\u00e4ndern. Es zeugt von einer kindlichen Unkenntnis der Gesellschaftszust\u00e4nde, wenn man vielleicht glaubt, durch ein Attentat auf einen Herrscher, einen Richter oder irgend eine Person die Herrschaft des Kapitals zu ersch\u00fcttern. Der Kapitalismus zieht seine Kr\u00e4fte aus tausenden von Wurzeln, und kann nur durch Untergraben des Bodens ausgehoben werden, nicht aber dadurch, da\u00df man einige Bl\u00e4tter und Ausw\u00fcchse abschneidet. Gegen\u00fcber der gro\u00dfartigen internationalen Organisation des Kapitals n\u00fctzt nur die internationale Organisation der Arbeit.<\/p>\n\n\n\n<p class=\"has-small-font-size\">Die Anarchisten glauben, durch die Attentate die Bourgeoisie einzusch\u00fcchtern. Im Gegentheil ben\u00fctzt die herrschende Classe jedes Attentat nur, um gegen die f\u00fcr sie viel gef\u00e4hrlichere Organisation der Arbeiter unter dem Beifall der indifferenten Masse Ma\u00dfregeln zu treffen.<\/p>\n\n\n\n<p class=\"has-small-font-size\">Unter dem Beifall der indifferenten Masse? Gewi\u00df, so sehr es die Anarchisten bestreiten; die Attentate erf\u00fcllen nicht den Zweck, Propaganda f\u00fcr den Anarchismus zu machen.<\/p>\n\n\n\n<p class=\"has-small-font-size\">Die Theorie der Propaganda der That geht dahin, da\u00df der \u201erevolution\u00e4re Instinkt\u201c der Proletarier durch die Attentate geweckt und die Besitzlosen zu Anschl\u00e4gen angeeifert werden. Gerade das Gegenteil tritt ein. Eine solche Erbitterung ergreift die grosse Masse des Volkes, dass die Regierungen leichtes Spiel mit der Ausn\u00fctzung der Attentate zu ihren Gunsten haben. Besonders wenn das Attentat mi\u00dfgl\u00fcckt, und nur unschuldige Leute, vielleicht selbst Proletarier, als Opfer fallen.<\/p>\n\n\n\n<p class=\"has-small-font-size\">Die Herrschaft der besitzenden Classe wird durch die Anarchisten nicht im geringsten gef\u00e4hrdet, die Bourgeoisie wird nicht eingesch\u00fcchtert, die indifferente Masse wird gegen alle aufgestachelt, welche die bestehende Gesellschaft bek\u00e4mpften &#8211; ganz nutzlos fallen die Opfer, brave Menschen, aber mit unklaren K\u00f6pfen, die der Sache des Proletariates sehr viel h\u00e4tten n\u00fctzen k\u00f6nnen, sterben auf dem Galgen oder in den Kellern &#8211; alles<em> pour le roi de Prusse<\/em>, f\u00fcr die Fortdauer der Herrschaft der Bourgeoisie.<\/p>\n\n\n\n<p class=\"has-small-font-size\">Die Sozialdemokratie bek\u00e4mpft den Anarchismus, nicht um sich bei der herrschenden Classe ein Bildchen einzulegen &#8211; noch mehr als die Anarchisten bek\u00e4mpfen wir die Bourgeois &#8211; sondern deshalb, weil durch die Anarchisten die Agitation, die Organisation der besitzlosen Classe, beeintr\u00e4chtigt wird, und die Aufkl\u00e4rung der Indifferenten, die Bereinigung der Aufgekl\u00e4rten zu kampft\u00fcchtigen Truppen &#8211; das ist das Mittel, um dem Proletariat zum Siege zu verhelfen.<\/p>\n\n\n\n<p class=\"has-small-font-size\"><em>E. W. St.<\/em><\/p>\n","protected":false},"excerpt":{"rendered":"<p>Vier Monate ist es her, dass es zum gr\u00e4sslichen Terrorakt im Grazer Gymnasium Dreiersch\u00fctzengasse kam. Die wahren Hintergr\u00fcnde des T\u00e4ters werden wohl verborgen bleiben. Drei Jahre sind jetzt seit dem Hamas Angriff auf j\u00fcdische Grenzsiedlungen am Gaza-Streifen mit 1500 Toten und Geiseln vergangen. F\u00fcr die einen ein brutaler unmenschlicher Terrorakt, f\u00fcr andere der Verzweiflungsschrei geknechteter [&hellip;]<\/p>\n","protected":false},"author":1,"featured_media":1314,"comment_status":"closed","ping_status":"closed","sticky":false,"template":"","format":"standard","meta":{"footnotes":""},"categories":[2],"tags":[113,132,145,148],"class_list":["post-1311","post","type-post","status-publish","format-standard","has-post-thumbnail","hentry","category-allgemein","tag-opferfest","tag-schlachtung","tag-terror","tag-tierschuetzerprozess"],"jetpack_featured_media_url":"https:\/\/www.umsvieh.at\/wp-content\/uploads\/2025\/10\/IMG_0970.jpg","_links":{"self":[{"href":"https:\/\/www.umsvieh.at\/index.php?rest_route=\/wp\/v2\/posts\/1311","targetHints":{"allow":["GET"]}}],"collection":[{"href":"https:\/\/www.umsvieh.at\/index.php?rest_route=\/wp\/v2\/posts"}],"about":[{"href":"https:\/\/www.umsvieh.at\/index.php?rest_route=\/wp\/v2\/types\/post"}],"author":[{"embeddable":true,"href":"https:\/\/www.umsvieh.at\/index.php?rest_route=\/wp\/v2\/users\/1"}],"replies":[{"embeddable":true,"href":"https:\/\/www.umsvieh.at\/index.php?rest_route=%2Fwp%2Fv2%2Fcomments&post=1311"}],"version-history":[{"count":4,"href":"https:\/\/www.umsvieh.at\/index.php?rest_route=\/wp\/v2\/posts\/1311\/revisions"}],"predecessor-version":[{"id":1316,"href":"https:\/\/www.umsvieh.at\/index.php?rest_route=\/wp\/v2\/posts\/1311\/revisions\/1316"}],"wp:featuredmedia":[{"embeddable":true,"href":"https:\/\/www.umsvieh.at\/index.php?rest_route=\/wp\/v2\/media\/1314"}],"wp:attachment":[{"href":"https:\/\/www.umsvieh.at\/index.php?rest_route=%2Fwp%2Fv2%2Fmedia&parent=1311"}],"wp:term":[{"taxonomy":"category","embeddable":true,"href":"https:\/\/www.umsvieh.at\/index.php?rest_route=%2Fwp%2Fv2%2Fcategories&post=1311"},{"taxonomy":"post_tag","embeddable":true,"href":"https:\/\/www.umsvieh.at\/index.php?rest_route=%2Fwp%2Fv2%2Ftags&post=1311"}],"curies":[{"name":"wp","href":"https:\/\/api.w.org\/{rel}","templated":true}]}}