{"id":1307,"date":"2025-09-08T14:35:14","date_gmt":"2025-09-08T14:35:14","guid":{"rendered":"https:\/\/www.umsvieh.at\/?p=1307"},"modified":"2025-09-08T14:37:57","modified_gmt":"2025-09-08T14:37:57","slug":"viehtransporte","status":"publish","type":"post","link":"https:\/\/www.umsvieh.at\/?p=1307","title":{"rendered":"Rindertransporte Marokko"},"content":{"rendered":"\n<p>Die Tierschutzorganisation &#8222;Animals&#8216; Angles&#8220; berichtet dieser Tage: Sie habe bei Kontrollen im hei\u00dfen Sommer in einem S\u00fcdspanischen Hafen u.a. auch einen Rindertransport aus \u00d6sterreich entdeckt, der dort auf die \u00dcberfahrt nach Marokko wartete. Wie lange wird es noch Tiertransporte aus \u00d6sterreich nach Afrika geben? <\/p>\n\n\n\n<p>08.09.2025<\/p>\n","protected":false},"excerpt":{"rendered":"<p>Die Tierschutzorganisation &#8222;Animals&#8216; Angles&#8220; berichtet dieser Tage: Sie habe bei Kontrollen im hei\u00dfen Sommer in einem S\u00fcdspanischen Hafen u.a. auch einen Rindertransport aus \u00d6sterreich entdeckt, der dort auf die \u00dcberfahrt nach Marokko wartete. Wie lange wird es noch Tiertransporte aus \u00d6sterreich nach Afrika geben? 08.09.2025<\/p>\n","protected":false},"author":1,"featured_media":668,"comment_status":"closed","ping_status":"closed","sticky":false,"template":"","format":"standard","meta":{"footnotes":""},"categories":[2,6,4],"tags":[399,400,153,168,169],"class_list":["post-1307","post","type-post","status-publish","format-standard","has-post-thumbnail","hentry","category-allgemein","category-fleisch","category-milch-konsumententipps","tag-marokko","tag-spanien","tag-tiertransporte","tag-vieh","tag-viehtransport"],"jetpack_featured_media_url":"https:\/\/www.umsvieh.at\/wp-content\/uploads\/2020\/03\/cow.jpg","_links":{"self":[{"href":"https:\/\/www.umsvieh.at\/index.php?rest_route=\/wp\/v2\/posts\/1307","targetHints":{"allow":["GET"]}}],"collection":[{"href":"https:\/\/www.umsvieh.at\/index.php?rest_route=\/wp\/v2\/posts"}],"about":[{"href":"https:\/\/www.umsvieh.at\/index.php?rest_route=\/wp\/v2\/types\/post"}],"author":[{"embeddable":true,"href":"https:\/\/www.umsvieh.at\/index.php?rest_route=\/wp\/v2\/users\/1"}],"replies":[{"embeddable":true,"href":"https:\/\/www.umsvieh.at\/index.php?rest_route=%2Fwp%2Fv2%2Fcomments&post=1307"}],"version-history":[{"count":2,"href":"https:\/\/www.umsvieh.at\/index.php?rest_route=\/wp\/v2\/posts\/1307\/revisions"}],"predecessor-version":[{"id":1309,"href":"https:\/\/www.umsvieh.at\/index.php?rest_route=\/wp\/v2\/posts\/1307\/revisions\/1309"}],"wp:featuredmedia":[{"embeddable":true,"href":"https:\/\/www.umsvieh.at\/index.php?rest_route=\/wp\/v2\/media\/668"}],"wp:attachment":[{"href":"https:\/\/www.umsvieh.at\/index.php?rest_route=%2Fwp%2Fv2%2Fmedia&parent=1307"}],"wp:term":[{"taxonomy":"category","embeddable":true,"href":"https:\/\/www.umsvieh.at\/index.php?rest_route=%2Fwp%2Fv2%2Fcategories&post=1307"},{"taxonomy":"post_tag","embeddable":true,"href":"https:\/\/www.umsvieh.at\/index.php?rest_route=%2Fwp%2Fv2%2Ftags&post=1307"}],"curies":[{"name":"wp","href":"https:\/\/api.w.org\/{rel}","templated":true}]}}