{"id":13,"date":"2015-10-10T03:10:39","date_gmt":"2015-10-10T01:10:39","guid":{"rendered":"http:\/\/www.umsvieh.at\/?p=13"},"modified":"2015-10-10T03:10:39","modified_gmt":"2015-10-10T01:10:39","slug":"13","status":"publish","type":"post","link":"https:\/\/www.umsvieh.at\/?p=13","title":{"rendered":"Konsumententipp zu Milch"},"content":{"rendered":"<p align=\"justify\">Milchkonsum bedeutet wie bekannt indirekt Tiert\u00f6tung. Keine Milch konsumieren \u2013 das ist das Dilemma \u2013 letzten Endes leider auch; sogar eher mehr\u00a0Schlachtungen.\u00a0(Siehe Artikel &#8222;Einer Mutter das Kind wegnehmen&#8220;, Kategorie &#8222;Allgemein&#8220;).\u00a0<!--more--><\/p>\n<p align=\"justify\">Wer Milch konsumiert, sollte auf m\u00f6glichst tiergerechte Haltung achten.\u00a0Milch\u00a0von Bauern mit\u00a0\u201emuttergebundener K\u00e4lberhaltung\u201c ist leider immer noch nicht auf dem Markt, qualfoller Abtransport der K\u00e4lber in s\u00fcdliche L\u00e4nder bei keiner Marke ausgeschlossen. Wer tierfreundlich erzeugte Milch\u00a0im\u00a0Supermarkt\u00a0kauft, muss also seine Tierschutz-Anspr\u00fcche m\u00e4\u00dfigen.<\/p>\n<p align=\"justify\">Wir empfehlen aus Tierschutzsicht \u00a0aus dem derzeitigen\u00a0Angebot\u00a0zwei Marken, die Weidehaltung und weitere Vorz\u00fcge\u00a0garantieren.\u00a0(Welche der beiden die tierschutzm\u00e4\u00dfig bessere ist, k\u00f6nnen wir nach den uns vorliegenden Informationen nicht beurteilen).\u00a0<em>(Generelles zum Milchkonsum siehe weiter<\/em><\/p>\n<p align=\"justify\"><em>unten)-<\/em><\/p>\n<p><span style=\"color: #000000\"><span style=\"font-family: 'Times New Roman', serif\"><span>Es sind dies die Milch\/produkte<\/span><\/span><\/span><br \/>\n<span style=\"color: #000000\"><span style=\"font-family: 'Times New Roman', serif\"><span><b>a) <\/b><b>Zur\u00fcck zum U<\/b><b>rsprung\u201c bei Hofer<\/b> und<\/span><\/span><\/span><br \/>\n<span style=\"color: #000000\"><span style=\"font-family: 'Times New Roman', serif\"><span><b>b) mit dem Logo \u201eGr\u00fcne Kuh\u201c bei Merkur und<\/b> teilweise bei Billa und anderen L\u00e4den.<\/span><\/span><\/span><br \/>\n<span style=\"font-family: 'Times New Roman', serif\"><span><span style=\"color: #000000\">Zu b) <\/span><span style=\"color: #000000\">Rewe, der Mutterkonzern, schrieb uns dazu am 11..9.2015 \u00fcber Halt<\/span><span style=\"color: #000000\">u<\/span><span style=\"color: #000000\">ngskriterien, Produkte und Gesch\u00e4fte:<\/span><\/span><\/span><br \/>\n<span style=\"color: #000000\">\u201e<span style=\"font-family: 'Times New Roman', serif\"><span>Goldsta<\/span><\/span><span style=\"font-family: 'Times New Roman', serif\"><span style=\"color: #000000\">ndard Milch\u201c: Diese Produkte erkennen sie immer an dem Logo mit der \u201egr\u00fcnen Kuh\u201c.<br \/>\n<\/span><\/span><\/span><span style=\"color: #18376a\"><span style=\"color: #000000\">\u00a0<span style=\"font-family: 'Times New Roman', serif\">Kriterien: <span>&#8211; Weidehaltung w\u00e4hrend Vegetationsperiode (mind. 150 Weidetage) &#8211; Laufstall mit Auslaufm\u00f6glichkeit &#8211; Gruppenhaltung und Sozialkontakt &#8211; Kein Einsatz von Silage oder G\u00e4rfutter \u2013 Kraftfutterbeschr\u00e4nkung.\u00a0<\/span><\/span><\/span><\/span><span>Es sind dies:<\/span><span style=\"color: #18376a\">\u00a0<\/span><br \/>\n<span style=\"color: #000000\"><span style=\"font-family: 'Times New Roman', serif\"><span>Ja! Nat\u00fcrlich Frische Heumilch \u201eDie beste Milch\u201c mit nat\u00fcrlichem Fettgehalt 1Lt,<br \/>\nerh\u00e4ltlich bei:\u00a0<i>Merkur\u00a0&amp; Sutterl\u00fcty<\/i><\/span><\/span><\/span><br \/>\n<span style=\"color: #000000\">\u00a0<\/span><span style=\"font-family: 'Times New Roman', serif;color: #000000\">Ja! Nat\u00fcrlich Speisetopfen mager<br \/>\n<\/span><span style=\"color: #000000\"><span style=\"font-family: 'Times New Roman', serif\">Ja! Nat\u00fcrlich Speisetopfen 20% FiT<\/span><\/span><span style=\"color: #000000\"><span style=\"font-family: 'Times New Roman', serif\">Ja! Nat\u00fcrlich Frischk\u00e4se natur<br \/>\n<\/span><\/span><span style=\"color: #000000\"><span style=\"font-family: 'Times New Roman', serif\">Ja! Nat\u00fcrlich Frischk\u00e4se Kr\u00e4uter,<br \/>\n<\/span><\/span><span style=\"color: #000000\">erh\u00e4ltlich bei\u00a0<\/span><i>Merkur &amp; Billa\u00a0<\/i><i>(wenn Artikel gelistet auch bei Adeg und Sutterl\u00fcty)<\/i><br \/>\n<span style=\"font-family: 'Times New Roman', serif;color: #000000\">Ja! Nat\u00fcrlich Emmentaler Scheiben 150g<br \/>\n<\/span><span style=\"color: #000000\"><span style=\"font-family: 'Times New Roman', serif\">Ja! Nat\u00fcrlich Gouda Scheiben 150g<br \/>\n<\/span><\/span><span style=\"color: #000000\"><span style=\"font-family: 'Times New Roman', serif\">erh\u00e4ltlich bei\u00a0<\/span><\/span><i>Merkur &amp; Billa\u00a0(wenn Artikel gelistet auch bei Adeg und Sutterl\u00fcti<\/i><i>\u00a0<\/i><span style=\"color: #000000\">\u00a0<\/span><span style=\"font-family: 'Times New Roman', serif\"><span style=\"color: #fb0007\"><i>:<\/i><\/span><\/span><br \/>\n<span style=\"color: #fb0007\"><span style=\"font-family: 'Times New Roman', serif\"><span>Ja! Nat\u00fcrlich Emmentaler Scheiben 120g<br \/>\n<i>erh\u00e4ltlich bei Billa Feinkost<\/i><\/span><\/span><\/span><br \/>\n<span style=\"color: #000000\"><span style=\"font-family: 'Times New Roman', serif\"><span>( Stand Mitte September 2015)<\/span><\/span><\/span><br \/>\n&nbsp;<\/p>\n","protected":false},"excerpt":{"rendered":"<p>Milchkonsum bedeutet wie bekannt indirekt Tiert\u00f6tung. Keine Milch konsumieren \u2013 das ist das Dilemma \u2013 letzten Endes leider auch; sogar eher mehr\u00a0Schlachtungen.\u00a0(Siehe Artikel &#8222;Einer Mutter das Kind wegnehmen&#8220;, Kategorie &#8222;Allgemein&#8220;).\u00a0<\/p>\n","protected":false},"author":1,"featured_media":0,"comment_status":"open","ping_status":"closed","sticky":false,"template":"","format":"standard","meta":{"footnotes":""},"categories":[4],"tags":[104,146],"class_list":["post-13","post","type-post","status-publish","format-standard","hentry","category-milch-konsumententipps","tag-milch","tag-tierfreundlich"],"jetpack_featured_media_url":"","_links":{"self":[{"href":"https:\/\/www.umsvieh.at\/index.php?rest_route=\/wp\/v2\/posts\/13","targetHints":{"allow":["GET"]}}],"collection":[{"href":"https:\/\/www.umsvieh.at\/index.php?rest_route=\/wp\/v2\/posts"}],"about":[{"href":"https:\/\/www.umsvieh.at\/index.php?rest_route=\/wp\/v2\/types\/post"}],"author":[{"embeddable":true,"href":"https:\/\/www.umsvieh.at\/index.php?rest_route=\/wp\/v2\/users\/1"}],"replies":[{"embeddable":true,"href":"https:\/\/www.umsvieh.at\/index.php?rest_route=%2Fwp%2Fv2%2Fcomments&post=13"}],"version-history":[{"count":0,"href":"https:\/\/www.umsvieh.at\/index.php?rest_route=\/wp\/v2\/posts\/13\/revisions"}],"wp:attachment":[{"href":"https:\/\/www.umsvieh.at\/index.php?rest_route=%2Fwp%2Fv2%2Fmedia&parent=13"}],"wp:term":[{"taxonomy":"category","embeddable":true,"href":"https:\/\/www.umsvieh.at\/index.php?rest_route=%2Fwp%2Fv2%2Fcategories&post=13"},{"taxonomy":"post_tag","embeddable":true,"href":"https:\/\/www.umsvieh.at\/index.php?rest_route=%2Fwp%2Fv2%2Ftags&post=13"}],"curies":[{"name":"wp","href":"https:\/\/api.w.org\/{rel}","templated":true}]}}